{"id":114,"date":"2016-03-07T08:06:42","date_gmt":"2016-03-07T06:06:42","guid":{"rendered":"http:\/\/www.savikulma.com\/korvensuu\/?p=114"},"modified":"2016-03-22T13:40:49","modified_gmt":"2016-03-22T11:40:49","slug":"tahti-ilta-11-3-2016","status":"publish","type":"post","link":"https:\/\/www.savikulma.com\/korvensuu\/2016\/03\/07\/tahti-ilta-11-3-2016\/","title":{"rendered":"T\u00e4hti-ilta 11.3.2016"},"content":{"rendered":"<p>Myn\u00e4m\u00e4en-Mietoisten luonnonsuojeluyhdistyksen t\u00e4hti-illassa t\u00e4htiharrastaja <strong>Pekka Parviainen<\/strong> kertoi t\u00e4htitaivaasta ja n\u00e4ytti omia upeita valokuviaan. Vaikka t\u00e4m\u00e4 kev\u00e4ttalvi on ollut t\u00e4htibongailun kannalta huonoin miesmuistiin pilvien ja usvan takia, niin \u2013 kuin ihmeen kaupalla \u2013 taivas selkeytyi T\u00e4hti-iltana hetkeksi ja t\u00e4htiharrastajat saattoivat bongailla Orionin vy\u00f6t\u00e4, Siriusta ja muita maaliskuisen taivaan t\u00e4hti\u00e4.<\/p>\n<p>Lue Vakka-Suomen Sanomissa ilmestynyt artikkeli. Kuvan saa suuremmaksi klikkaamalla.<\/p>\n<div id=\"attachment_144\" style=\"width: 510px\" class=\"wp-caption alignleft\"><a href=\"https:\/\/www.savikulma.com\/korvensuu\/wp-content\/uploads\/2016\/03\/tahti-ilta-11-3-2016.jpg\" rel=\"attachment wp-att-144\"><img loading=\"lazy\" decoding=\"async\" aria-describedby=\"caption-attachment-144\" class=\"wp-image-144\" title=\"T\u00e4hti-ilta Savikulmalla, Myn\u00e4m\u00e4en Korvensuussa\" src=\"https:\/\/www.savikulma.com\/korvensuu\/wp-content\/uploads\/2016\/03\/tahti-ilta-11-3-2016-693x1024.jpg\" alt=\"tahti-ilta-11-3-2016\" width=\"500\" height=\"739\" srcset=\"https:\/\/www.savikulma.com\/korvensuu\/wp-content\/uploads\/2016\/03\/tahti-ilta-11-3-2016-693x1024.jpg 693w, https:\/\/www.savikulma.com\/korvensuu\/wp-content\/uploads\/2016\/03\/tahti-ilta-11-3-2016-203x300.jpg 203w, https:\/\/www.savikulma.com\/korvensuu\/wp-content\/uploads\/2016\/03\/tahti-ilta-11-3-2016-768x1135.jpg 768w, https:\/\/www.savikulma.com\/korvensuu\/wp-content\/uploads\/2016\/03\/tahti-ilta-11-3-2016.jpg 1000w\" sizes=\"auto, (max-width: 500px) 100vw, 500px\" \/><\/a><p id=\"caption-attachment-144\" class=\"wp-caption-text\">T\u00e4hti-ilta Savikulmalla, Myn\u00e4m\u00e4en Korvensuussa<\/p><\/div>\n","protected":false},"excerpt":{"rendered":"<p>Myn\u00e4m\u00e4en-Mietoisten luonnonsuojeluyhdistyksen t\u00e4hti-illassa t\u00e4htiharrastaja Pekka Parviainen kertoi t\u00e4htitaivaasta ja n\u00e4ytti omia upeita valokuviaan. Vaikka t\u00e4m\u00e4 kev\u00e4ttalvi on ollut t\u00e4htibongailun kannalta huonoin miesmuistiin pilvien ja usvan takia, niin \u2013 kuin ihmeen kaupalla \u2013 taivas selkeytyi T\u00e4hti-iltana hetkeksi ja t\u00e4htiharrastajat saattoivat bongailla &hellip; <a href=\"https:\/\/www.savikulma.com\/korvensuu\/2016\/03\/07\/tahti-ilta-11-3-2016\/\">Lue loppuun <span class=\"meta-nav\">&rarr;<\/span><\/a><\/p>\n","protected":false},"author":1,"featured_media":0,"comment_status":"open","ping_status":"open","sticky":false,"template":"","format":"standard","meta":{"footnotes":""},"categories":[8,13],"tags":[14,11,12],"class_list":["post-114","post","type-post","status-publish","format-standard","hentry","category-lehtiartikkelit","category-tapahtumat","tag-pekka-parviainen","tag-tahdet","tag-tahtitaivas"],"_links":{"self":[{"href":"https:\/\/www.savikulma.com\/korvensuu\/wp-json\/wp\/v2\/posts\/114","targetHints":{"allow":["GET"]}}],"collection":[{"href":"https:\/\/www.savikulma.com\/korvensuu\/wp-json\/wp\/v2\/posts"}],"about":[{"href":"https:\/\/www.savikulma.com\/korvensuu\/wp-json\/wp\/v2\/types\/post"}],"author":[{"embeddable":true,"href":"https:\/\/www.savikulma.com\/korvensuu\/wp-json\/wp\/v2\/users\/1"}],"replies":[{"embeddable":true,"href":"https:\/\/www.savikulma.com\/korvensuu\/wp-json\/wp\/v2\/comments?post=114"}],"version-history":[{"count":8,"href":"https:\/\/www.savikulma.com\/korvensuu\/wp-json\/wp\/v2\/posts\/114\/revisions"}],"predecessor-version":[{"id":145,"href":"https:\/\/www.savikulma.com\/korvensuu\/wp-json\/wp\/v2\/posts\/114\/revisions\/145"}],"wp:attachment":[{"href":"https:\/\/www.savikulma.com\/korvensuu\/wp-json\/wp\/v2\/media?parent=114"}],"wp:term":[{"taxonomy":"category","embeddable":true,"href":"https:\/\/www.savikulma.com\/korvensuu\/wp-json\/wp\/v2\/categories?post=114"},{"taxonomy":"post_tag","embeddable":true,"href":"https:\/\/www.savikulma.com\/korvensuu\/wp-json\/wp\/v2\/tags?post=114"}],"curies":[{"name":"wp","href":"https:\/\/api.w.org\/{rel}","templated":true}]}}